{"id":2353,"date":"2023-07-09T09:49:23","date_gmt":"2023-07-09T08:49:23","guid":{"rendered":"https:\/\/neukirch-sachsen.de\/?p=2353"},"modified":"2023-07-09T09:49:25","modified_gmt":"2023-07-09T08:49:25","slug":"einsatz-nr-03-2023","status":"publish","type":"post","link":"https:\/\/neukirch-sachsen.de\/?p=2353","title":{"rendered":"Einsatz Nr.03\/2023"},"content":{"rendered":"\n<p>Am 08.07.2023 wurde ein Waldbrand in der N\u00e4he von Neukirch gemeldet.<\/p>\n\n\n\n<p>Um 19:41Uhr wurden deshalb Kr\u00e4fte aus K\u00f6nigsbr\u00fcck, Schwepnitz, Schmorkau, Wei\u00dfbach, Gottschdorf und Neukirch alarmiert.<\/p>\n\n\n\n<p>Mit Hilfe von What3Words Koordinaten wurde der Einsatzort Zielf\u00fchrend angezeigt.<\/p>\n\n\n\n<p>Kurz nach Eintreffen der Kr\u00e4fte konnte jedoch keine Rauchentwicklung gesehen oder Feuerschein erkundet werden.<\/p>\n\n\n\n<p>Das Gebiet wurde daraufhin gr\u00fcndlich untersucht und gro\u00dfr\u00e4umig abgefahren. Doch es war nichts zu finden.<\/p>\n\n\n\n<p>Nach einer Dreiviertel Stunde konnte deshalb der Einsatz beendet werden.<\/p>\n\n\n\n<figure class=\"wp-block-gallery has-nested-images columns-default is-cropped wp-block-gallery-1 is-layout-flex wp-block-gallery-is-layout-flex\">\n<figure class=\"wp-block-image size-medium is-style-default\"><img loading=\"lazy\" decoding=\"async\" width=\"300\" height=\"225\" data-id=\"2354\" src=\"https:\/\/neukirch-sachsen.de\/wp-content\/uploads\/2023\/07\/IMG-20230708-WA0014-300x225.jpg\" alt=\"\" class=\"wp-image-2354\" srcset=\"https:\/\/neukirch-sachsen.de\/wp-content\/uploads\/2023\/07\/IMG-20230708-WA0014-300x225.jpg 300w, https:\/\/neukirch-sachsen.de\/wp-content\/uploads\/2023\/07\/IMG-20230708-WA0014-1024x768.jpg 1024w, https:\/\/neukirch-sachsen.de\/wp-content\/uploads\/2023\/07\/IMG-20230708-WA0014-768x576.jpg 768w, https:\/\/neukirch-sachsen.de\/wp-content\/uploads\/2023\/07\/IMG-20230708-WA0014-1536x1152.jpg 1536w, https:\/\/neukirch-sachsen.de\/wp-content\/uploads\/2023\/07\/IMG-20230708-WA0014.jpg 2000w\" sizes=\"auto, (max-width: 300px) 100vw, 300px\" \/><\/figure>\n\n\n\n<figure class=\"wp-block-image size-medium is-style-default\"><img loading=\"lazy\" decoding=\"async\" width=\"300\" height=\"225\" data-id=\"2355\" src=\"https:\/\/neukirch-sachsen.de\/wp-content\/uploads\/2023\/07\/IMG-20230708-WA0015-300x225.jpg\" alt=\"\" class=\"wp-image-2355\" srcset=\"https:\/\/neukirch-sachsen.de\/wp-content\/uploads\/2023\/07\/IMG-20230708-WA0015-300x225.jpg 300w, https:\/\/neukirch-sachsen.de\/wp-content\/uploads\/2023\/07\/IMG-20230708-WA0015-1024x768.jpg 1024w, https:\/\/neukirch-sachsen.de\/wp-content\/uploads\/2023\/07\/IMG-20230708-WA0015-768x576.jpg 768w, https:\/\/neukirch-sachsen.de\/wp-content\/uploads\/2023\/07\/IMG-20230708-WA0015-1536x1152.jpg 1536w, https:\/\/neukirch-sachsen.de\/wp-content\/uploads\/2023\/07\/IMG-20230708-WA0015.jpg 2000w\" sizes=\"auto, (max-width: 300px) 100vw, 300px\" \/><\/figure>\n<\/figure>\n\n\n\n<p class=\"has-text-align-center has-text-color has-large-font-size\" style=\"color:#dd1313\">Ihre FFW Neukirch<\/p>\n","protected":false},"excerpt":{"rendered":"<p>Am 08.07.2023 wurde ein Waldbrand in der N\u00e4he von Neukirch gemeldet. Um 19:41Uhr wurden deshalb Kr\u00e4fte aus K\u00f6nigsbr\u00fcck, Schwepnitz, Schmorkau, Wei\u00dfbach, Gottschdorf und Neukirch alarmiert. Mit Hilfe von What3Words Koordinaten wurde der Einsatzort Zielf\u00fchrend angezeigt. Kurz nach Eintreffen der Kr\u00e4fte &hellip; <a href=\"https:\/\/neukirch-sachsen.de\/?p=2353\">Weiterlesen <span class=\"meta-nav\">&rarr;<\/span><\/a><\/p>\n","protected":false},"author":4,"featured_media":977,"comment_status":"open","ping_status":"open","sticky":false,"template":"","format":"standard","meta":{"_uag_custom_page_level_css":"","ngg_post_thumbnail":0,"footnotes":""},"categories":[15],"tags":[22,21,63],"class_list":["post-2353","post","type-post","status-publish","format-standard","has-post-thumbnail","hentry","category-feuerwehr","tag-einsatz","tag-feuerwehr","tag-feuerwehr-einsatz"],"uagb_featured_image_src":{"full":["https:\/\/neukirch-sachsen.de\/wp-content\/uploads\/2020\/09\/Pneumatic_siren.jpg",640,480,false],"thumbnail":["https:\/\/neukirch-sachsen.de\/wp-content\/uploads\/2020\/09\/Pneumatic_siren-150x150.jpg",150,150,true],"medium":["https:\/\/neukirch-sachsen.de\/wp-content\/uploads\/2020\/09\/Pneumatic_siren-300x225.jpg",300,225,true],"medium_large":["https:\/\/neukirch-sachsen.de\/wp-content\/uploads\/2020\/09\/Pneumatic_siren.jpg",640,480,false],"large":["https:\/\/neukirch-sachsen.de\/wp-content\/uploads\/2020\/09\/Pneumatic_siren.jpg",640,480,false],"1536x1536":["https:\/\/neukirch-sachsen.de\/wp-content\/uploads\/2020\/09\/Pneumatic_siren.jpg",640,480,false],"2048x2048":["https:\/\/neukirch-sachsen.de\/wp-content\/uploads\/2020\/09\/Pneumatic_siren.jpg",640,480,false],"ultp_layout_landscape_large":["https:\/\/neukirch-sachsen.de\/wp-content\/uploads\/2020\/09\/Pneumatic_siren.jpg",640,480,false],"ultp_layout_landscape":["https:\/\/neukirch-sachsen.de\/wp-content\/uploads\/2020\/09\/Pneumatic_siren.jpg",640,480,false],"ultp_layout_portrait":["https:\/\/neukirch-sachsen.de\/wp-content\/uploads\/2020\/09\/Pneumatic_siren-600x480.jpg",600,480,true],"ultp_layout_square":["https:\/\/neukirch-sachsen.de\/wp-content\/uploads\/2020\/09\/Pneumatic_siren-600x480.jpg",600,480,true],"post-thumbnail":["https:\/\/neukirch-sachsen.de\/wp-content\/uploads\/2020\/09\/Pneumatic_siren-640x198.jpg",640,198,true]},"uagb_author_info":{"display_name":"Stephan Hoffmann","author_link":"https:\/\/neukirch-sachsen.de\/?author=4"},"uagb_comment_info":0,"uagb_excerpt":"Am 08.07.2023 wurde ein Waldbrand in der N\u00e4he von Neukirch gemeldet. Um 19:41Uhr wurden deshalb Kr\u00e4fte aus K\u00f6nigsbr\u00fcck, Schwepnitz, Schmorkau, Wei\u00dfbach, Gottschdorf und Neukirch alarmiert. Mit Hilfe von What3Words Koordinaten wurde der Einsatzort Zielf\u00fchrend angezeigt. Kurz nach Eintreffen der Kr\u00e4fte &hellip; Weiterlesen &rarr;","_links":{"self":[{"href":"https:\/\/neukirch-sachsen.de\/index.php?rest_route=\/wp\/v2\/posts\/2353","targetHints":{"allow":["GET"]}}],"collection":[{"href":"https:\/\/neukirch-sachsen.de\/index.php?rest_route=\/wp\/v2\/posts"}],"about":[{"href":"https:\/\/neukirch-sachsen.de\/index.php?rest_route=\/wp\/v2\/types\/post"}],"author":[{"embeddable":true,"href":"https:\/\/neukirch-sachsen.de\/index.php?rest_route=\/wp\/v2\/users\/4"}],"replies":[{"embeddable":true,"href":"https:\/\/neukirch-sachsen.de\/index.php?rest_route=%2Fwp%2Fv2%2Fcomments&post=2353"}],"version-history":[{"count":1,"href":"https:\/\/neukirch-sachsen.de\/index.php?rest_route=\/wp\/v2\/posts\/2353\/revisions"}],"predecessor-version":[{"id":2356,"href":"https:\/\/neukirch-sachsen.de\/index.php?rest_route=\/wp\/v2\/posts\/2353\/revisions\/2356"}],"wp:featuredmedia":[{"embeddable":true,"href":"https:\/\/neukirch-sachsen.de\/index.php?rest_route=\/wp\/v2\/media\/977"}],"wp:attachment":[{"href":"https:\/\/neukirch-sachsen.de\/index.php?rest_route=%2Fwp%2Fv2%2Fmedia&parent=2353"}],"wp:term":[{"taxonomy":"category","embeddable":true,"href":"https:\/\/neukirch-sachsen.de\/index.php?rest_route=%2Fwp%2Fv2%2Fcategories&post=2353"},{"taxonomy":"post_tag","embeddable":true,"href":"https:\/\/neukirch-sachsen.de\/index.php?rest_route=%2Fwp%2Fv2%2Ftags&post=2353"}],"curies":[{"name":"wp","href":"https:\/\/api.w.org\/{rel}","templated":true}]}}