{"id":3228,"date":"2025-09-25T16:10:42","date_gmt":"2025-09-25T15:10:42","guid":{"rendered":"https:\/\/neukirch-sachsen.de\/?p=3228"},"modified":"2025-09-25T16:10:44","modified_gmt":"2025-09-25T15:10:44","slug":"einsatz-nr-11-2025","status":"publish","type":"post","link":"https:\/\/neukirch-sachsen.de\/?p=3228","title":{"rendered":"Einsatz Nr. 11\/2025"},"content":{"rendered":"\n<p>Am 24.09.2025 wurde unsere Wehr, gemeinsam mit der FW Gottschdorf, nach Koitzsch gerufen.<\/p>\n\n\n\n<p>Hier fiel ein Baum, aufgrund von Sturmb\u00f6en, auf die Verbindungsstra\u00dfe Koitzsch &#8211; Reichenbach.<\/p>\n\n\n\n<p>Als wir am Ort ankamen, zers\u00e4gten wir den Baum und ber\u00e4umten die Stra\u00dfe.<\/p>\n\n\n\n<p>Im Anschluss fuhren wir noch die Stra\u00dfe weiter ab und fanden noch eine Stelle welche ebenfalls ber\u00e4umt wurde.<\/p>\n\n\n\n<p>Nach einer dreiviertel Stunde konnte der Einsatz beendet werden.<\/p>\n\n\n\n<figure class=\"wp-block-gallery has-nested-images columns-default is-cropped wp-block-gallery-1 is-layout-flex wp-block-gallery-is-layout-flex\">\n<figure class=\"wp-block-image size-large\"><img loading=\"lazy\" decoding=\"async\" width=\"1024\" height=\"1024\" data-id=\"3231\" src=\"https:\/\/neukirch-sachsen.de\/wp-content\/uploads\/2025\/09\/IMG-20250924-WA0002-1024x1024.jpg\" alt=\"\" class=\"wp-image-3231\" srcset=\"https:\/\/neukirch-sachsen.de\/wp-content\/uploads\/2025\/09\/IMG-20250924-WA0002-1024x1024.jpg 1024w, https:\/\/neukirch-sachsen.de\/wp-content\/uploads\/2025\/09\/IMG-20250924-WA0002-300x300.jpg 300w, https:\/\/neukirch-sachsen.de\/wp-content\/uploads\/2025\/09\/IMG-20250924-WA0002-150x150.jpg 150w, https:\/\/neukirch-sachsen.de\/wp-content\/uploads\/2025\/09\/IMG-20250924-WA0002-768x768.jpg 768w, https:\/\/neukirch-sachsen.de\/wp-content\/uploads\/2025\/09\/IMG-20250924-WA0002-1536x1536.jpg 1536w, https:\/\/neukirch-sachsen.de\/wp-content\/uploads\/2025\/09\/IMG-20250924-WA0002-600x600.jpg 600w, https:\/\/neukirch-sachsen.de\/wp-content\/uploads\/2025\/09\/IMG-20250924-WA0002.jpg 2048w\" sizes=\"auto, (max-width: 1024px) 100vw, 1024px\" \/><\/figure>\n\n\n\n<figure class=\"wp-block-image size-large\"><img loading=\"lazy\" decoding=\"async\" width=\"1024\" height=\"1024\" data-id=\"3230\" src=\"https:\/\/neukirch-sachsen.de\/wp-content\/uploads\/2025\/09\/IMG-20250924-WA0003-1024x1024.jpg\" alt=\"\" class=\"wp-image-3230\" srcset=\"https:\/\/neukirch-sachsen.de\/wp-content\/uploads\/2025\/09\/IMG-20250924-WA0003-1024x1024.jpg 1024w, https:\/\/neukirch-sachsen.de\/wp-content\/uploads\/2025\/09\/IMG-20250924-WA0003-300x300.jpg 300w, https:\/\/neukirch-sachsen.de\/wp-content\/uploads\/2025\/09\/IMG-20250924-WA0003-150x150.jpg 150w, https:\/\/neukirch-sachsen.de\/wp-content\/uploads\/2025\/09\/IMG-20250924-WA0003-768x768.jpg 768w, https:\/\/neukirch-sachsen.de\/wp-content\/uploads\/2025\/09\/IMG-20250924-WA0003-1536x1536.jpg 1536w, https:\/\/neukirch-sachsen.de\/wp-content\/uploads\/2025\/09\/IMG-20250924-WA0003-600x600.jpg 600w, https:\/\/neukirch-sachsen.de\/wp-content\/uploads\/2025\/09\/IMG-20250924-WA0003.jpg 2048w\" sizes=\"auto, (max-width: 1024px) 100vw, 1024px\" \/><\/figure>\n\n\n\n<figure class=\"wp-block-image size-large\"><img loading=\"lazy\" decoding=\"async\" width=\"1024\" height=\"1024\" data-id=\"3229\" src=\"https:\/\/neukirch-sachsen.de\/wp-content\/uploads\/2025\/09\/IMG-20250924-WA0004-1024x1024.jpg\" alt=\"\" class=\"wp-image-3229\" srcset=\"https:\/\/neukirch-sachsen.de\/wp-content\/uploads\/2025\/09\/IMG-20250924-WA0004-1024x1024.jpg 1024w, https:\/\/neukirch-sachsen.de\/wp-content\/uploads\/2025\/09\/IMG-20250924-WA0004-300x300.jpg 300w, https:\/\/neukirch-sachsen.de\/wp-content\/uploads\/2025\/09\/IMG-20250924-WA0004-150x150.jpg 150w, https:\/\/neukirch-sachsen.de\/wp-content\/uploads\/2025\/09\/IMG-20250924-WA0004-768x768.jpg 768w, https:\/\/neukirch-sachsen.de\/wp-content\/uploads\/2025\/09\/IMG-20250924-WA0004-1536x1536.jpg 1536w, https:\/\/neukirch-sachsen.de\/wp-content\/uploads\/2025\/09\/IMG-20250924-WA0004-600x600.jpg 600w, https:\/\/neukirch-sachsen.de\/wp-content\/uploads\/2025\/09\/IMG-20250924-WA0004.jpg 2048w\" sizes=\"auto, (max-width: 1024px) 100vw, 1024px\" \/><\/figure>\n<\/figure>\n\n\n\n<p class=\"has-text-align-center has-text-color has-link-color has-large-font-size wp-elements-7cb841f10397df5cf860728e0fb7aaa9\" style=\"color:#ee0606\">Ihre FFW Neukirch<\/p>\n","protected":false},"excerpt":{"rendered":"<p>Am 24.09.2025 wurde unsere Wehr, gemeinsam mit der FW Gottschdorf, nach Koitzsch gerufen. Hier fiel ein Baum, aufgrund von Sturmb\u00f6en, auf die Verbindungsstra\u00dfe Koitzsch &#8211; Reichenbach. Als wir am Ort ankamen, zers\u00e4gten wir den Baum und ber\u00e4umten die Stra\u00dfe. Im &hellip; <a href=\"https:\/\/neukirch-sachsen.de\/?p=3228\">Weiterlesen <span class=\"meta-nav\">&rarr;<\/span><\/a><\/p>\n","protected":false},"author":4,"featured_media":977,"comment_status":"open","ping_status":"open","sticky":false,"template":"","format":"standard","meta":{"_uag_custom_page_level_css":"","ngg_post_thumbnail":0,"footnotes":""},"categories":[15],"tags":[22,21,63],"class_list":["post-3228","post","type-post","status-publish","format-standard","has-post-thumbnail","hentry","category-feuerwehr","tag-einsatz","tag-feuerwehr","tag-feuerwehr-einsatz"],"uagb_featured_image_src":{"full":["https:\/\/neukirch-sachsen.de\/wp-content\/uploads\/2020\/09\/Pneumatic_siren.jpg",640,480,false],"thumbnail":["https:\/\/neukirch-sachsen.de\/wp-content\/uploads\/2020\/09\/Pneumatic_siren-150x150.jpg",150,150,true],"medium":["https:\/\/neukirch-sachsen.de\/wp-content\/uploads\/2020\/09\/Pneumatic_siren-300x225.jpg",300,225,true],"medium_large":["https:\/\/neukirch-sachsen.de\/wp-content\/uploads\/2020\/09\/Pneumatic_siren.jpg",640,480,false],"large":["https:\/\/neukirch-sachsen.de\/wp-content\/uploads\/2020\/09\/Pneumatic_siren.jpg",640,480,false],"1536x1536":["https:\/\/neukirch-sachsen.de\/wp-content\/uploads\/2020\/09\/Pneumatic_siren.jpg",640,480,false],"2048x2048":["https:\/\/neukirch-sachsen.de\/wp-content\/uploads\/2020\/09\/Pneumatic_siren.jpg",640,480,false],"ultp_layout_landscape_large":["https:\/\/neukirch-sachsen.de\/wp-content\/uploads\/2020\/09\/Pneumatic_siren.jpg",640,480,false],"ultp_layout_landscape":["https:\/\/neukirch-sachsen.de\/wp-content\/uploads\/2020\/09\/Pneumatic_siren.jpg",640,480,false],"ultp_layout_portrait":["https:\/\/neukirch-sachsen.de\/wp-content\/uploads\/2020\/09\/Pneumatic_siren-600x480.jpg",600,480,true],"ultp_layout_square":["https:\/\/neukirch-sachsen.de\/wp-content\/uploads\/2020\/09\/Pneumatic_siren-600x480.jpg",600,480,true],"post-thumbnail":["https:\/\/neukirch-sachsen.de\/wp-content\/uploads\/2020\/09\/Pneumatic_siren-640x198.jpg",640,198,true]},"uagb_author_info":{"display_name":"Stephan Hoffmann","author_link":"https:\/\/neukirch-sachsen.de\/?author=4"},"uagb_comment_info":0,"uagb_excerpt":"Am 24.09.2025 wurde unsere Wehr, gemeinsam mit der FW Gottschdorf, nach Koitzsch gerufen. Hier fiel ein Baum, aufgrund von Sturmb\u00f6en, auf die Verbindungsstra\u00dfe Koitzsch &#8211; Reichenbach. Als wir am Ort ankamen, zers\u00e4gten wir den Baum und ber\u00e4umten die Stra\u00dfe. Im &hellip; Weiterlesen &rarr;","_links":{"self":[{"href":"https:\/\/neukirch-sachsen.de\/index.php?rest_route=\/wp\/v2\/posts\/3228","targetHints":{"allow":["GET"]}}],"collection":[{"href":"https:\/\/neukirch-sachsen.de\/index.php?rest_route=\/wp\/v2\/posts"}],"about":[{"href":"https:\/\/neukirch-sachsen.de\/index.php?rest_route=\/wp\/v2\/types\/post"}],"author":[{"embeddable":true,"href":"https:\/\/neukirch-sachsen.de\/index.php?rest_route=\/wp\/v2\/users\/4"}],"replies":[{"embeddable":true,"href":"https:\/\/neukirch-sachsen.de\/index.php?rest_route=%2Fwp%2Fv2%2Fcomments&post=3228"}],"version-history":[{"count":1,"href":"https:\/\/neukirch-sachsen.de\/index.php?rest_route=\/wp\/v2\/posts\/3228\/revisions"}],"predecessor-version":[{"id":3232,"href":"https:\/\/neukirch-sachsen.de\/index.php?rest_route=\/wp\/v2\/posts\/3228\/revisions\/3232"}],"wp:featuredmedia":[{"embeddable":true,"href":"https:\/\/neukirch-sachsen.de\/index.php?rest_route=\/wp\/v2\/media\/977"}],"wp:attachment":[{"href":"https:\/\/neukirch-sachsen.de\/index.php?rest_route=%2Fwp%2Fv2%2Fmedia&parent=3228"}],"wp:term":[{"taxonomy":"category","embeddable":true,"href":"https:\/\/neukirch-sachsen.de\/index.php?rest_route=%2Fwp%2Fv2%2Fcategories&post=3228"},{"taxonomy":"post_tag","embeddable":true,"href":"https:\/\/neukirch-sachsen.de\/index.php?rest_route=%2Fwp%2Fv2%2Ftags&post=3228"}],"curies":[{"name":"wp","href":"https:\/\/api.w.org\/{rel}","templated":true}]}}